{"id":99,"date":"2025-08-12T19:50:54","date_gmt":"2025-08-12T19:50:54","guid":{"rendered":"https:\/\/socialreject.net\/?p=99"},"modified":"2025-08-11T19:56:59","modified_gmt":"2025-08-11T19:56:59","slug":"conjunto-praia-estilo-e-praticidade-para-aproveitar-o-verao","status":"publish","type":"post","link":"https:\/\/socialreject.net\/?p=99","title":{"rendered":"Conjunto Praia: estilo e praticidade para aproveitar o ver\u00e3o"},"content":{"rendered":"\n<p>O <strong>conjunto praia<\/strong> \u00e9 a escolha perfeita para quem deseja unir beleza, conforto e harmonia no visual. Composto geralmente por pe\u00e7as coordenadas, ele garante um look sofisticado \u00e0 beira-mar e permite combina\u00e7\u00f5es pr\u00e1ticas para aproveitar cada momento do dia.<\/p>\n\n\n\n<hr class=\"wp-block-separator has-alpha-channel-opacity\"\/>\n\n\n\n<h2 class=\"wp-block-heading\"><strong>Por que escolher um conjunto praia?<\/strong><\/h2>\n\n\n\n<p>O<a href=\"https:\/\/www.bonassatricot.com.br\/moda-praia\/conjunto-moda-praia\" target=\"_blank\" rel=\"noopener\"> <strong>conjunto praia<\/strong><\/a> \u00e9 vers\u00e1til e funcional, trazendo diversos benef\u00edcios:<\/p>\n\n\n\n<ul class=\"wp-block-list\">\n<li><strong>Estilo pronto<\/strong>: pe\u00e7as que j\u00e1 combinam entre si, facilitando a produ\u00e7\u00e3o.<br><\/li>\n\n\n\n<li><strong>Conforto<\/strong>: tecidos leves e respir\u00e1veis, ideais para altas temperaturas.<br><\/li>\n\n\n\n<li><strong>Versatilidade<\/strong>: pode ser usado na areia, em passeios e at\u00e9 em almo\u00e7os descontra\u00eddos.<br><\/li>\n<\/ul>\n\n\n\n<hr class=\"wp-block-separator has-alpha-channel-opacity\"\/>\n\n\n\n<h2 class=\"wp-block-heading\"><strong>Modelos que est\u00e3o em alta<\/strong><\/h2>\n\n\n\n<p>Dentro do universo do<a href=\"https:\/\/www.bonassatricot.com.br\/moda-praia\/conjunto-moda-praia\" target=\"_blank\" rel=\"noopener\"> <strong>conjunto praia<\/strong><\/a>, h\u00e1 op\u00e7\u00f5es para todos os gostos:<\/p>\n\n\n\n<ul class=\"wp-block-list\">\n<li><strong>Top e saia longa<\/strong>: elegante e perfeito para o p\u00f3s-praia.<br><\/li>\n\n\n\n<li><strong>Cropped e short<\/strong>: descontra\u00eddo e moderno.<br><\/li>\n\n\n\n<li><strong>Biqu\u00edni com sa\u00edda coordenada<\/strong>: harmonia total no visual.<br><\/li>\n<\/ul>\n\n\n\n<hr class=\"wp-block-separator has-alpha-channel-opacity\"\/>\n\n\n\n<h2 class=\"wp-block-heading\"><strong>Como usar o conjunto praia com estilo<\/strong><\/h2>\n\n\n\n<ul class=\"wp-block-list\">\n<li>Combine seu<a href=\"https:\/\/www.bonassatricot.com.br\/moda-praia\/conjunto-moda-praia\" target=\"_blank\" rel=\"noopener\"> <strong>conjunto praia<\/strong><\/a> com chap\u00e9us de aba larga para um toque glamouroso.<br><\/li>\n\n\n\n<li>Aposte em \u00f3culos de sol e bolsas de palha para criar um look tropical.<br><\/li>\n\n\n\n<li>Use sand\u00e1lias rasteiras ou espadrilles para manter o conforto.<br><\/li>\n<\/ul>\n\n\n\n<hr class=\"wp-block-separator has-alpha-channel-opacity\"\/>\n\n\n\n<h2 class=\"wp-block-heading\"><strong>Cores e estampas da temporada<\/strong><\/h2>\n\n\n\n<p>O<a href=\"https:\/\/www.bonassatricot.com.br\/moda-praia\/conjunto-moda-praia\" target=\"_blank\" rel=\"noopener\"> <strong>conjunto praia<\/strong><\/a> aparece em tons vibrantes, estampas tropicais e tamb\u00e9m em cores neutras para quem prefere discri\u00e7\u00e3o. Misturar e coordenar pe\u00e7as lisas com estampadas \u00e9 uma forma criativa de reinventar o visual.<\/p>\n\n\n\n<hr class=\"wp-block-separator has-alpha-channel-opacity\"\/>\n\n\n\n<h2 class=\"wp-block-heading\"><strong>Cuidados para manter seu conjunto impec\u00e1vel<\/strong><\/h2>\n\n\n\n<ul class=\"wp-block-list\">\n<li>Lave \u00e0 m\u00e3o ou no ciclo delicado.<br><\/li>\n\n\n\n<li>Utilize sab\u00e3o neutro para preservar as fibras.<br><\/li>\n\n\n\n<li>Seque \u00e0 sombra para evitar desgaste das cores.<br><\/li>\n<\/ul>\n\n\n\n<p>Assim, seu<a href=\"https:\/\/www.bonassatricot.com.br\/moda-praia\/conjunto-moda-praia\" target=\"_blank\" rel=\"noopener\"> <strong>conjunto praia<\/strong><\/a> manter\u00e1 beleza e conforto por muito mais tempo.<\/p>\n\n\n\n<hr class=\"wp-block-separator has-alpha-channel-opacity\"\/>\n\n\n\n<h2 class=\"wp-block-heading\"><strong>Conclus\u00e3o<\/strong><\/h2>\n\n\n\n<p>O <strong>conjunto praia<\/strong> \u00e9 a escolha ideal para quem quer praticidade sem abrir m\u00e3o de estilo. Na Bonassa Tricot, voc\u00ea encontra<a href=\"https:\/\/www.bonassatricot.com.br\/moda-praia\/conjunto-moda-praia\" target=\"_blank\" rel=\"noopener\"> <strong>conjunto praia<\/strong><\/a> com design moderno, caimento perfeito e qualidade premium para aproveitar cada momento do ver\u00e3o.<\/p>\n\n\n\n<p><strong>Refer\u00eancia externa:<\/strong> saiba mais sobre a hist\u00f3ria e tend\u00eancias da moda praia: <a href=\"https:\/\/pt.wikipedia.org\/wiki\/Moda_praia\" target=\"_blank\" rel=\"noopener\">https:\/\/pt.wikipedia.org\/wiki\/Moda_praia<\/a>&nbsp;<\/p>\n","protected":false},"excerpt":{"rendered":"<p>O conjunto praia \u00e9 a escolha perfeita para quem deseja unir beleza, conforto e harmonia no visual. Composto<\/p>\n","protected":false},"author":1,"featured_media":100,"comment_status":"open","ping_status":"open","sticky":false,"template":"","format":"standard","meta":{"footnotes":""},"categories":[3],"tags":[],"class_list":["post-99","post","type-post","status-publish","format-standard","has-post-thumbnail","hentry","category-news"],"_links":{"self":[{"href":"https:\/\/socialreject.net\/index.php?rest_route=\/wp\/v2\/posts\/99","targetHints":{"allow":["GET"]}}],"collection":[{"href":"https:\/\/socialreject.net\/index.php?rest_route=\/wp\/v2\/posts"}],"about":[{"href":"https:\/\/socialreject.net\/index.php?rest_route=\/wp\/v2\/types\/post"}],"author":[{"embeddable":true,"href":"https:\/\/socialreject.net\/index.php?rest_route=\/wp\/v2\/users\/1"}],"replies":[{"embeddable":true,"href":"https:\/\/socialreject.net\/index.php?rest_route=%2Fwp%2Fv2%2Fcomments&post=99"}],"version-history":[{"count":1,"href":"https:\/\/socialreject.net\/index.php?rest_route=\/wp\/v2\/posts\/99\/revisions"}],"predecessor-version":[{"id":101,"href":"https:\/\/socialreject.net\/index.php?rest_route=\/wp\/v2\/posts\/99\/revisions\/101"}],"wp:featuredmedia":[{"embeddable":true,"href":"https:\/\/socialreject.net\/index.php?rest_route=\/wp\/v2\/media\/100"}],"wp:attachment":[{"href":"https:\/\/socialreject.net\/index.php?rest_route=%2Fwp%2Fv2%2Fmedia&parent=99"}],"wp:term":[{"taxonomy":"category","embeddable":true,"href":"https:\/\/socialreject.net\/index.php?rest_route=%2Fwp%2Fv2%2Fcategories&post=99"},{"taxonomy":"post_tag","embeddable":true,"href":"https:\/\/socialreject.net\/index.php?rest_route=%2Fwp%2Fv2%2Ftags&post=99"}],"curies":[{"name":"wp","href":"https:\/\/api.w.org\/{rel}","templated":true}]}}